{"id":7228,"date":"2021-04-23T13:51:56","date_gmt":"2021-04-23T11:51:56","guid":{"rendered":"https:\/\/sanitas.fr\/?p=7228"},"modified":"2021-04-23T14:05:38","modified_gmt":"2021-04-23T12:05:38","slug":"le-site-est-de-nouveau-en-ligne","status":"publish","type":"post","link":"https:\/\/sanitas.fr\/?p=7228","title":{"rendered":"Le site est de nouveau en ligne !"},"content":{"rendered":"\t\t<div data-elementor-type=\"wp-post\" data-elementor-id=\"7228\" class=\"elementor elementor-7228\" data-elementor-settings=\"[]\">\n\t\t\t\t\t\t<div class=\"elementor-inner\">\n\t\t\t\t\t\t\t<div class=\"elementor-section-wrap\">\n\t\t\t\t\t\t\t<section class=\"elementor-section elementor-top-section elementor-element elementor-element-a7bdeb4 elementor-section-boxed elementor-section-height-default elementor-section-height-default\" data-id=\"a7bdeb4\" data-element_type=\"section\" data-settings=\"{&quot;_ha_eqh_enable&quot;:false,&quot;ekit_has_onepagescroll_dot&quot;:&quot;yes&quot;}\">\n\t\t\t\t\t\t<div class=\"elementor-container elementor-column-gap-default\">\n\t\t\t\t\t\t\t<div class=\"elementor-row\">\n\t\t\t\t\t<div class=\"elementor-column elementor-col-100 elementor-top-column elementor-element elementor-element-b3f0ec9\" data-id=\"b3f0ec9\" data-element_type=\"column\">\n\t\t\t<div class=\"elementor-column-wrap elementor-element-populated\">\n\t\t\t\t\t\t\t<div class=\"elementor-widget-wrap\">\n\t\t\t\t\t\t<div class=\"elementor-element elementor-element-7eef767 elementor-widget elementor-widget-text-editor\" data-id=\"7eef767\" data-element_type=\"widget\" data-widget_type=\"text-editor.default\">\n\t\t\t\t<div class=\"elementor-widget-container\">\n\t\t\t\t\t\t\t\t<div class=\"elementor-text-editor elementor-clearfix\">\n\t\t\t\t\t<p>Ou comment refaire peau neuve pour une ann\u00e9e pleine de promesses !<\/p>\t\t\t\t\t<\/div>\n\t\t\t\t\t\t<\/div>\n\t\t\t\t<\/div>\n\t\t\t\t<div class=\"elementor-element elementor-element-80bb504 elementor-widget elementor-widget-text-editor\" data-id=\"80bb504\" data-element_type=\"widget\" data-widget_type=\"text-editor.default\">\n\t\t\t\t<div class=\"elementor-widget-container\">\n\t\t\t\t\t\t\t\t<div class=\"elementor-text-editor elementor-clearfix\">\n\t\t\t\t\t<p>Comme vous l\u2019avez vu par vous-m\u00eame, 2020 a \u00e9t\u00e9 une ann\u00e9e compliqu\u00e9e. Nous avons re\u00e7u notre num\u00e9ro d\u2019entrepositaire agr\u00e9\u00e9 suite au d\u00e9m\u00e9nagement en Loire Atlantique, mais h\u00e9las la crise sanitaire nous a stopp\u00e9s net dans notre \u00e9lan de reprise.<\/p>\n<p>Puis\u2026 votre brasseuse a eu des ennuis de sant\u00e9. Un nouveau frein. N\u00e9anmoins, le site internet en a profit\u00e9 pour faire peau neuve. Merci \u00e0 <a href=\"https:\/\/fr.linkedin.com\/in\/corinne-jolivalt\" target=\"_blank\" rel=\"noopener\">Corinne<\/a> pour sa patience et ses id\u00e9es et \u00e0 <a href=\"https:\/\/www.facebook.com\/laureenkeravec\/\" target=\"_blank\" rel=\"noopener\">Laureen<\/a> pour ses photos !<\/p>\n<p>Pas de boutique en ligne pour l\u2019instant, le temps de reprendre l\u2019activit\u00e9. Mais plus le temps passe, plus les nouvelles productions, encore plus locales, se rapprochent. Les produits arriveront pour l\u2019automne si les conditions s\u2019am\u00e9liorent toujours autant !<br \/>Nous vous remercions pour votre soutien ind\u00e9fectible, et nous savons que vous nous attendez. Encore un petit peu de patience, et si vous voulez des nouvelles sur la disponibilit\u00e9 des produits, inscrivez-vous \u00e0 la newsletter.<\/p>\t\t\t\t\t<\/div>\n\t\t\t\t\t\t<\/div>\n\t\t\t\t<\/div>\n\t\t\t\t<div class=\"elementor-element elementor-element-d877cfb elementor-widget elementor-widget-wp-widget-blog_subscription\" data-id=\"d877cfb\" data-element_type=\"widget\" data-widget_type=\"wp-widget-blog_subscription.default\">\n\t\t\t\t<div class=\"elementor-widget-container\">\n\t\t\t<h5>Pour ne rien manquer des nouvelles de notre Taverne :<\/h5>\n            <form action=\"#\" method=\"post\" accept-charset=\"utf-8\" id=\"subscribe-blog-wp-widget-blog_subscription\">\n\t\t\t\t                    <div id=\"subscribe-text\"><p>Saisissez votre adresse e-mail pour vous abonner \u00e0 nos articles et recevoir une notification de chaque nouveaut\u00e9 par e-mail.<\/p>\n<\/div>                    <p id=\"subscribe-email\">\n                        <label id=\"jetpack-subscribe-label\"\n                               class=\"screen-reader-text\"\n                               for=\"subscribe-field-wp-widget-blog_subscription\">\n\t\t\t\t\t\t\tAdresse e-mail                        <\/label>\n                        <input type=\"email\" name=\"email\" required=\"required\"\n                        \t\t\t                                                value=\"\"\n                            id=\"subscribe-field-wp-widget-blog_subscription\"\n                            placeholder=\"Adresse e-mail\"\n                        \/>\n                    <\/p>\n\n\t\t\t\t\t<p id=\"subscribe-submit\"\n\t\t\t\t\t\t\t\t\t\t\t>\n                        <input type=\"hidden\" name=\"action\" value=\"subscribe\"\/>\n                        <input type=\"hidden\" name=\"source\" value=\"https:\/\/sanitas.fr\/index.php?rest_route=%2Fwp%2Fv2%2Fposts%2F7228\"\/>\n                        <input type=\"hidden\" name=\"sub-type\" value=\"widget\"\/>\n                        <input type=\"hidden\" name=\"redirect_fragment\" value=\"wp-widget-blog_subscription\"\/>\n\t\t\t\t\t\t                        <button type=\"submit\"\n\t                        \t\t                    \t                        name=\"jetpack_subscriptions_widget\"\n\t                    >\n\t                        Abonnez-vous                        <\/button>\n                    <\/p>\n\t\t\t\t            <\/form>\n\t\t\n\t\t<\/div>\n\t\t\t\t<\/div>\n\t\t\t\t<div class=\"elementor-element elementor-element-5720fcf elementor-widget elementor-widget-text-editor\" data-id=\"5720fcf\" data-element_type=\"widget\" data-widget_type=\"text-editor.default\">\n\t\t\t\t<div class=\"elementor-widget-container\">\n\t\t\t\t\t\t\t\t<div class=\"elementor-text-editor elementor-clearfix\">\n\t\t\t\t\t<p>De nouveaux produits arriveront en fin d\u2019ann\u00e9e et les participations au Ulule seront envoy\u00e9es pour l\u2019automne. <strong>En attendant, n\u2019h\u00e9sitez pas \u00e0 nous faire un retour sur le nouveau site dans les commentaires ci-dessous et surtout, prenez soin de vous ! \u2665 \u2665 \u2665 <\/strong><\/p>\t\t\t\t\t<\/div>\n\t\t\t\t\t\t<\/div>\n\t\t\t\t<\/div>\n\t\t\t\t\t\t<\/div>\n\t\t\t\t\t<\/div>\n\t\t<\/div>\n\t\t\t\t\t\t\t\t<\/div>\n\t\t\t\t\t<\/div>\n\t\t<\/section>\n\t\t\t\t\t\t<\/div>\n\t\t\t\t\t\t<\/div>\n\t\t\t\t\t<\/div>\n\t\t","protected":false},"excerpt":{"rendered":"<p>Ou comment refaire peau neuve pour une ann\u00e9e pleine de promesses !<\/p>\n","protected":false},"author":1,"featured_media":3698,"comment_status":"open","ping_status":"open","sticky":false,"template":"","format":"standard","meta":{"neve_meta_sidebar":"","neve_meta_container":"","neve_meta_enable_content_width":"","neve_meta_content_width":0,"neve_meta_title_alignment":"","neve_meta_author_avatar":"","neve_post_elements_order":"[\"title\",\"meta\",\"thumbnail\",\"content\",\"tags\",\"comments\",\"post-navigation\"]","neve_meta_disable_header":"","neve_meta_disable_footer":"","neve_meta_disable_title":"","_ti_tpc_template_sync":false,"_ti_tpc_template_id":"","spay_email":"","jetpack_publicize_message":"","jetpack_is_tweetstorm":false},"categories":[70],"tags":[],"jetpack_featured_media_url":"https:\/\/sanitas.fr\/wp-content\/uploads\/2020\/06\/Grains2.jpeg","jetpack_publicize_connections":[],"jetpack_shortlink":"https:\/\/wp.me\/p9oqJu-1SA","jetpack-related-posts":[{"id":2084,"url":"https:\/\/sanitas.fr\/?p=2084","url_meta":{"origin":7228,"position":0},"title":"Et apr\u00e8s Ulule?","date":"15\/02\/2020","format":false,"excerpt":"Nous sommes ravis de l'engouement qu'a suscit\u00e9 notre campagne Ulule! Vous avez \u00e9t\u00e9 nombreux \u00e0 r\u00e9pondre \u00e0 l'appel face au Chevalier Noir et nous lui avons montr\u00e9 \u00e0 quel point la solidarit\u00e9 houblonn\u00e9e \u00e9tait forte. Nous vous remercions \u00e0 nouveau pour tous vos soutiens et messages :) Qu'en est-il de\u2026","rel":"","context":"Dans &quot;Crowdfunding&quot;","img":{"alt_text":"","src":"https:\/\/i2.wp.com\/sanitas.fr\/wp-content\/uploads\/2020\/02\/eyJwYXRoIjoiXC9wdWJsaWNcL3VwbG9hZFwvc2NyZWVuc1wvMTE2MjUxXC8yMTI2ODJlMGU4YjQ2YmExMTczOTNjZjc1NTIzZmIzYS0xNTcxNDMyODU5LnBuZyJ9_frontify_SDinETsJ0EDjp70nRa3miu7mRO1w5DfWpi-1vWZCXU8.png?resize=350%2C200&ssl=1","width":350,"height":200},"classes":[]},{"id":3197,"url":"https:\/\/sanitas.fr\/?p=3197","url_meta":{"origin":7228,"position":1},"title":"Des nouvelles de notre Crowdfunding","date":"18\/04\/2020","format":false,"excerpt":"Voici 2 mois que notre campagne s\u2019est achev\u00e9e, et gr\u00e2ce \u00e0 vous, nous avons pu commencer les travaux de r\u00e9novation de la Brasserie. L\u2019actualit\u00e9 qui nous occupe tous a mis un coup de frein, en nous emp\u00eachant de nous fournir en mat\u00e9riel et en mati\u00e8res premi\u00e8res. Les d\u00e9lais de production\u2026","rel":"","context":"Dans &quot;Crowdfunding&quot;","img":{"alt_text":"","src":"https:\/\/i1.wp.com\/sanitas.fr\/wp-content\/uploads\/2020\/04\/20200417_110023.jpg?resize=350%2C200&ssl=1","width":350,"height":200},"classes":[]},{"id":363,"url":"https:\/\/sanitas.fr\/?p=363","url_meta":{"origin":7228,"position":2},"title":"Aux derni\u00e8res (bonnes) nouvelles","date":"29\/10\/2018","format":false,"excerpt":"Nous avons re\u00e7u notre nouveau mat\u00e9riel pour vous offrir plus de stocks pour la e-boutique qui ouvrira ses portes tr\u00e8s bient\u00f4t. L'atelier se pr\u00e9pare pour son changement de peau et sera op\u00e9rationnel sous peu. Nous avons re\u00e7u de nouveaux f\u00fbts aux contenances de 20L et 10L en plus des 30L\u2026","rel":"","context":"Dans &quot;Brasserie&quot;","img":{"alt_text":"","src":"https:\/\/i0.wp.com\/sanitas.fr\/wp-content\/uploads\/2018\/10\/received_155226122094473-e1540828878344.jpeg?resize=350%2C200&ssl=1","width":350,"height":200},"classes":[]},{"id":377,"url":"https:\/\/sanitas.fr\/?p=377","url_meta":{"origin":7228,"position":3},"title":"March\u00e9 de No\u00ebl 2018","date":"27\/11\/2018","format":false,"excerpt":"Les f\u00eates de fin d'ann\u00e9e approchent \u00e0 grands pas. Nous avons aussi re\u00e7u notre cadeau en avance : l'arriv\u00e9e des coffrets 3x 33cl ! Pour f\u00eater cela, nous participons cette ann\u00e9e au March\u00e9 de No\u00ebl des Caves Alli\u00e9es (rue Gr\u00e9goire de Tours, Paris, M\u00b0 Od\u00e9on) le dimanche 9 d\u00e9cembre de\u2026","rel":"","context":"Dans &quot;Ev\u00e9nements&quot;","img":{"alt_text":"","src":"","width":0,"height":0},"classes":[]},{"id":3148,"url":"https:\/\/sanitas.fr\/?p=3148","url_meta":{"origin":7228,"position":4},"title":"R\u00e9ouverture de la boutique en ligne jeudi 2 avril 2020!","date":"01\/04\/2020","format":false,"excerpt":"Bonjour \u00e0 tous, Nous vous remercions pour votre soutien et suite \u00e0 vos demandes de recevoir de bonnes bi\u00e8res artisanales \u00e0 domicile, nous allons rouvrir la boutique en ligne demain. Il nous reste peu de stock mais nous ferons en sorte d\u2019\u00e9tancher votre soif le mieux possible durant cette p\u00e9riode\u2026","rel":"","context":"Dans &quot;Boutique&quot;","img":{"alt_text":"","src":"https:\/\/i1.wp.com\/sanitas.fr\/wp-content\/uploads\/2020\/04\/20190429_232920.jpg?resize=350%2C200&ssl=1","width":350,"height":200},"classes":[]},{"id":3179,"url":"https:\/\/sanitas.fr\/?p=3179","url_meta":{"origin":7228,"position":5},"title":"La boutique est de nouveau en ligne!","date":"02\/04\/2020","format":false,"excerpt":"Comme nous vous l'avions annonc\u00e9 la boutique est de nouveau en ligne ce jour. Vous pouvez choisir vos articles, les mettre dans votre panier et hop! Nous ferons en sorte que vous les receviez le plus rapidement possible. En raison de la situation exceptionnelle, nous tenons \u00e0 vous informer que\u2026","rel":"","context":"Dans &quot;Boutique&quot;","img":{"alt_text":"","src":"https:\/\/i0.wp.com\/sanitas.fr\/wp-content\/uploads\/2018\/06\/Dcembre_2019_Laureen_Keravec35S.jpg?resize=350%2C200&ssl=1","width":350,"height":200},"classes":[]}],"jetpack_sharing_enabled":true,"jetpack_likes_enabled":true,"_links":{"self":[{"href":"https:\/\/sanitas.fr\/index.php?rest_route=\/wp\/v2\/posts\/7228"}],"collection":[{"href":"https:\/\/sanitas.fr\/index.php?rest_route=\/wp\/v2\/posts"}],"about":[{"href":"https:\/\/sanitas.fr\/index.php?rest_route=\/wp\/v2\/types\/post"}],"author":[{"embeddable":true,"href":"https:\/\/sanitas.fr\/index.php?rest_route=\/wp\/v2\/users\/1"}],"replies":[{"embeddable":true,"href":"https:\/\/sanitas.fr\/index.php?rest_route=%2Fwp%2Fv2%2Fcomments&post=7228"}],"version-history":[{"count":13,"href":"https:\/\/sanitas.fr\/index.php?rest_route=\/wp\/v2\/posts\/7228\/revisions"}],"predecessor-version":[{"id":7245,"href":"https:\/\/sanitas.fr\/index.php?rest_route=\/wp\/v2\/posts\/7228\/revisions\/7245"}],"wp:featuredmedia":[{"embeddable":true,"href":"https:\/\/sanitas.fr\/index.php?rest_route=\/wp\/v2\/media\/3698"}],"wp:attachment":[{"href":"https:\/\/sanitas.fr\/index.php?rest_route=%2Fwp%2Fv2%2Fmedia&parent=7228"}],"wp:term":[{"taxonomy":"category","embeddable":true,"href":"https:\/\/sanitas.fr\/index.php?rest_route=%2Fwp%2Fv2%2Fcategories&post=7228"},{"taxonomy":"post_tag","embeddable":true,"href":"https:\/\/sanitas.fr\/index.php?rest_route=%2Fwp%2Fv2%2Ftags&post=7228"}],"curies":[{"name":"wp","href":"https:\/\/api.w.org\/{rel}","templated":true}]}}