{"id":1942,"date":"2020-02-11T20:17:53","date_gmt":"2020-02-11T19:17:53","guid":{"rendered":"https:\/\/sanitas.fr\/?p=1942"},"modified":"2020-10-27T18:00:35","modified_gmt":"2020-10-27T17:00:35","slug":"le-3-magique-du-j-3-avant-la-fin-du-ulule","status":"publish","type":"post","link":"https:\/\/sanitas.fr\/?p=1942","title":{"rendered":"Le 3 magique du J-3 avant la fin du Ulule!"},"content":{"rendered":"<p>Aujourd\u2019hui, le chiffre 3 est magique : nous venons de passer le troisi\u00e8me palier \u00e0 trois jours de la fin de notre campagne Ulule !! Atteindrons-nous le palier suivant ?<br \/>\nPour vous remercier de nous avoir aid\u00e9s \u00e0 passer cette \u00e9tape, ainsi que de votre pr\u00e9sence tout au long de cette aventure, une nouvelle video sur l\u2019histoire de la bi\u00e8re, cette fois, le XIX\u00e8me si\u00e8cle et ses estaminets!<\/p>\n<p>La video :\u00a0<a href=\"https:\/\/youtu.be\/XKNdnawnyrE?fbclid=IwAR2q30OzC5t1HK0-Nlvk4M1dO87IputbapCg08X-LXH2K_KxfTGtBtJhl4s\" target=\"_blank\" rel=\"noopener nofollow noreferrer\" data-ft=\"{&quot;tn&quot;:&quot;-U&quot;}\" data-lynx-mode=\"async\" data-lynx-uri=\"https:\/\/l.facebook.com\/l.php?u=https%3A%2F%2Fyoutu.be%2FXKNdnawnyrE%3Ffbclid%3DIwAR2q30OzC5t1HK0-Nlvk4M1dO87IputbapCg08X-LXH2K_KxfTGtBtJhl4s&amp;h=AT0b5pM6OE6MPJ6fQjJ0G1K_dKoPcvy19wzCzoULlfCucXnz7eeAlWK-gvMUoCYHERrfDu253OXYcyGsAiZz8DXAqqRXguqlBZy44J-Y0F4SJ50E7YjGZtwwPPRKZhBJt-n7xSUuBaEEVtZ5d38DSRmT5ltvAgl5YRcY2GglKFT1IKsq3IA5U_AudMzpiaxemOamRLrFoqwbnxbjDf7lZB5z9AeFzmseJVZ2CPGKNBelAz_8T84cDLKZhmucsJlz4qqbn5mwsTUu_jusW5Tpm2KjX2Y4JkUaOladt2roRlIjukAkUyQra7XWF6lXP5l-d3B9dKjyk4RolaaOLecAanCwzvxEfezDJ59ZzHWDsKsJVPzRa4Ry6oZiS0EhVXa4-H-bJGzXNhFgU8OD069sBOCNOd2qJyx_A79E22fGBHKr2U2emR9WiVk4yVR5pxk6JS1EsV8lWg_XxkVjqgp1liw-im-EZDshV-aVbdLXUuwc6HosMDaejijWo5a1E3oHuMILlJ5eATPbygnYLvkvAp7TWi5j_NpK2rQJnmU2-ZPpbl7_ROrmF7PBWOaNgJAxpHn2Q2q3UzUWGrT-T-9N2lH9QEOGmxeeSwZekfF41i73K-IbiR6RUz53RHwcNg\">https:\/\/youtu.be\/XKNdnawnyrE<\/a><\/p>\n<div class=\"text_exposed_show\">\n<p><img data-attachment-id=\"1945\" data-permalink=\"https:\/\/sanitas.fr\/?attachment_id=1945\" data-orig-file=\"https:\/\/sanitas.fr\/wp-content\/uploads\/2020\/02\/Dcembre_2019_Laureen_Keravec5950.jpg\" data-orig-size=\"1416,2128\" data-comments-opened=\"1\" data-image-meta=\"{&quot;aperture&quot;:&quot;16&quot;,&quot;credit&quot;:&quot;&quot;,&quot;camera&quot;:&quot;NIKON D700&quot;,&quot;caption&quot;:&quot;&quot;,&quot;created_timestamp&quot;:&quot;1576948237&quot;,&quot;copyright&quot;:&quot;&quot;,&quot;focal_length&quot;:&quot;50&quot;,&quot;iso&quot;:&quot;200&quot;,&quot;shutter_speed&quot;:&quot;0.004&quot;,&quot;title&quot;:&quot;&quot;,&quot;orientation&quot;:&quot;1&quot;}\" data-image-title=\"Dcembre_2019_Laureen_Keravec5950\" data-image-description=\"\" data-medium-file=\"https:\/\/sanitas.fr\/wp-content\/uploads\/2020\/02\/Dcembre_2019_Laureen_Keravec5950-200x300.jpg\" data-large-file=\"https:\/\/sanitas.fr\/wp-content\/uploads\/2020\/02\/Dcembre_2019_Laureen_Keravec5950-681x1024.jpg\" loading=\"lazy\" class=\"alignnone size-medium wp-image-1945 aligncenter\" src=\"https:\/\/sanitas.fr\/wp-content\/uploads\/2020\/02\/Dcembre_2019_Laureen_Keravec5950-200x300.jpg\" alt=\"\" width=\"200\" height=\"300\" srcset=\"https:\/\/sanitas.fr\/wp-content\/uploads\/2020\/02\/Dcembre_2019_Laureen_Keravec5950-200x300.jpg 200w, https:\/\/sanitas.fr\/wp-content\/uploads\/2020\/02\/Dcembre_2019_Laureen_Keravec5950-681x1024.jpg 681w, https:\/\/sanitas.fr\/wp-content\/uploads\/2020\/02\/Dcembre_2019_Laureen_Keravec5950-768x1154.jpg 768w, https:\/\/sanitas.fr\/wp-content\/uploads\/2020\/02\/Dcembre_2019_Laureen_Keravec5950-1022x1536.jpg 1022w, https:\/\/sanitas.fr\/wp-content\/uploads\/2020\/02\/Dcembre_2019_Laureen_Keravec5950-1363x2048.jpg 1363w, https:\/\/sanitas.fr\/wp-content\/uploads\/2020\/02\/Dcembre_2019_Laureen_Keravec5950-600x902.jpg 600w, https:\/\/sanitas.fr\/wp-content\/uploads\/2020\/02\/Dcembre_2019_Laureen_Keravec5950.jpg 1416w\" sizes=\"(max-width: 200px) 100vw, 200px\" \/><br \/>\nLa campagne :\u00a0<a href=\"https:\/\/fr.ulule.com\/brasserie-maisnie-sanitas\/?fbclid=IwAR1h0n48qSJFgMtoe0IENMPe0fY_S-5RB-qt-_fu9u0334z3a_GDbS2txaA\" target=\"_blank\" rel=\"noopener nofollow noreferrer\" data-ft=\"{&quot;tn&quot;:&quot;-U&quot;}\" data-lynx-mode=\"async\" data-lynx-uri=\"https:\/\/l.facebook.com\/l.php?u=https%3A%2F%2Ffr.ulule.com%2Fbrasserie-maisnie-sanitas%2F%3Ffbclid%3DIwAR1h0n48qSJFgMtoe0IENMPe0fY_S-5RB-qt-_fu9u0334z3a_GDbS2txaA&amp;h=AT3FOlNHY33rogAYe37sJk7bJl-e7mzebFGBBVpWitxKIK-Pnxm5ghziP6ZbTysj9qMl7tR_s3_3VpfaKcPx2x28GGLJApZzQTIz67MZ7gAgEDIa3b1z0RXRSRDMsHTKTnOHCIuNK--E4vimPasqGuiBv3pvPJHqUXlOcubHA-U6suLEl7wgi_44uByqTwo7m-ppOXrY-neMeo3uf2TdX8U9n6xjGn6Uc2oco5t_HUaz8cEC48feT4Uhkh-9URRHjqzIZYu2gzLhx_bcIo3olWB5rY6pBpyZPCXwfTqKfKay4SNg4sMQBXpEIGcfVzoiguR04sXcpywgFUMStHEz8DbtRfzgOtatAc8-nOiwrhwW3L8H3fFwohqB9BKWCWFoeJ4IVQUZYuu1DCK6H0Z2_gDR6sqQ-wZZFtCL2nyPoOiaRLOrSSXRgd9qU0QroQzaFX1q5prjxVgRDp2Q64ptsyTZA4NlnUjk7lj4G2z3pkkaO0-s734Foei4Bv97B3ewGCBxsv1VFkHmJEDTLXFsGrbvDzYLu401ZkTzhKpE4lOKG5VGAsAM4OV_jjJ7beXbrc8MctnGJxcpUegmibLZbbPkKofj_cWXswLFopsj0_kfdtRe8IoKQWgYQpANKQ\">https:\/\/fr.ulule.com\/brasserie-maisnie-sanitas\/<\/a><\/p>\n<p>Ne l\u00e2chez rien, on vous aime !\u00a0<span class=\"_5mfr\"><span class=\"_6qdm\">\u2764\ufe0f<\/span><\/span><span class=\"_5mfr\"><span class=\"_6qdm\">\u2764\ufe0f<\/span><\/span><span class=\"_5mfr\"><span class=\"_6qdm\">\u2764\ufe0f<\/span><\/span><span class=\"_5mfr\"><span class=\"_6qdm\">\u2764\ufe0f<\/span><\/span><\/p>\n<\/div>\n","protected":false},"excerpt":{"rendered":"<p>Aujourd\u2019hui, le chiffre 3 est magique : nous venons de passer le troisi\u00e8me palier \u00e0 trois jours de la fin de notre campagne Ulule !! Atteindrons-nous le palier suivant ? Pour vous remercier de nous avoir aid\u00e9s \u00e0 passer cette \u00e9tape, ainsi que de votre pr\u00e9sence tout au long de cette aventure, une nouvelle video&hellip;&nbsp;<a href=\"https:\/\/sanitas.fr\/?p=1942\" class=\"\" rel=\"bookmark\">Lire la suite &raquo;<span class=\"screen-reader-text\">Le 3 magique du J-3 avant la fin du Ulule!<\/span><\/a><\/p>\n","protected":false},"author":1,"featured_media":1946,"comment_status":"open","ping_status":"open","sticky":false,"template":"","format":"standard","meta":{"neve_meta_sidebar":"","neve_meta_container":"","neve_meta_enable_content_width":"","neve_meta_content_width":0,"neve_meta_title_alignment":"","neve_meta_author_avatar":"","neve_post_elements_order":"","neve_meta_disable_header":"","neve_meta_disable_footer":"","neve_meta_disable_title":"","_ti_tpc_template_sync":false,"_ti_tpc_template_id":"","spay_email":"","jetpack_publicize_message":"","jetpack_is_tweetstorm":false},"categories":[121],"tags":[92,2,96,97,98],"jetpack_featured_media_url":"https:\/\/sanitas.fr\/wp-content\/uploads\/2020\/02\/Dcembre_2019_Laureen_Keravec5950-1.jpg","jetpack_publicize_connections":[],"jetpack_shortlink":"https:\/\/wp.me\/p9oqJu-vk","jetpack-related-posts":[{"id":1427,"url":"https:\/\/sanitas.fr\/?p=1427","url_meta":{"origin":1942,"position":0},"title":"D\u00e9j\u00e0 2 vid\u00e9os en ligne! Et la suite?","date":"20\/01\/2020","format":false,"excerpt":"Vous avez pu voir que notre campagne Ulule avait bien d\u00e9marr\u00e9. mais ce n'est pas fini, loin de l\u00e0!","rel":"","context":"Dans &quot;Crowdfunding&quot;","img":{"alt_text":"","src":"https:\/\/i2.wp.com\/img.youtube.com\/vi\/b44GFLnrKVY\/0.jpg?resize=350%2C200","width":350,"height":200},"classes":[]},{"id":2084,"url":"https:\/\/sanitas.fr\/?p=2084","url_meta":{"origin":1942,"position":1},"title":"Et apr\u00e8s Ulule?","date":"15\/02\/2020","format":false,"excerpt":"Nous sommes ravis de l'engouement qu'a suscit\u00e9 notre campagne Ulule! Vous avez \u00e9t\u00e9 nombreux \u00e0 r\u00e9pondre \u00e0 l'appel face au Chevalier Noir et nous lui avons montr\u00e9 \u00e0 quel point la solidarit\u00e9 houblonn\u00e9e \u00e9tait forte. Nous vous remercions \u00e0 nouveau pour tous vos soutiens et messages :) Qu'en est-il de\u2026","rel":"","context":"Dans &quot;Crowdfunding&quot;","img":{"alt_text":"","src":"https:\/\/i2.wp.com\/sanitas.fr\/wp-content\/uploads\/2020\/02\/eyJwYXRoIjoiXC9wdWJsaWNcL3VwbG9hZFwvc2NyZWVuc1wvMTE2MjUxXC8yMTI2ODJlMGU4YjQ2YmExMTczOTNjZjc1NTIzZmIzYS0xNTcxNDMyODU5LnBuZyJ9_frontify_SDinETsJ0EDjp70nRa3miu7mRO1w5DfWpi-1vWZCXU8.png?resize=350%2C200&ssl=1","width":350,"height":200},"classes":[]},{"id":7228,"url":"https:\/\/sanitas.fr\/?p=7228","url_meta":{"origin":1942,"position":2},"title":"Le site est de nouveau en ligne !","date":"23\/04\/2021","format":false,"excerpt":"Ou comment refaire peau neuve pour une ann\u00e9e pleine de promesses !","rel":"","context":"Dans &quot;Annonce&quot;","img":{"alt_text":"","src":"https:\/\/i2.wp.com\/sanitas.fr\/wp-content\/uploads\/2020\/06\/Grains2.jpeg?resize=350%2C200&ssl=1","width":350,"height":200},"classes":[]},{"id":377,"url":"https:\/\/sanitas.fr\/?p=377","url_meta":{"origin":1942,"position":3},"title":"March\u00e9 de No\u00ebl 2018","date":"27\/11\/2018","format":false,"excerpt":"Les f\u00eates de fin d'ann\u00e9e approchent \u00e0 grands pas. Nous avons aussi re\u00e7u notre cadeau en avance : l'arriv\u00e9e des coffrets 3x 33cl ! Pour f\u00eater cela, nous participons cette ann\u00e9e au March\u00e9 de No\u00ebl des Caves Alli\u00e9es (rue Gr\u00e9goire de Tours, Paris, M\u00b0 Od\u00e9on) le dimanche 9 d\u00e9cembre de\u2026","rel":"","context":"Dans &quot;Ev\u00e9nements&quot;","img":{"alt_text":"","src":"","width":0,"height":0},"classes":[]},{"id":3148,"url":"https:\/\/sanitas.fr\/?p=3148","url_meta":{"origin":1942,"position":4},"title":"R\u00e9ouverture de la boutique en ligne jeudi 2 avril 2020!","date":"01\/04\/2020","format":false,"excerpt":"Bonjour \u00e0 tous, Nous vous remercions pour votre soutien et suite \u00e0 vos demandes de recevoir de bonnes bi\u00e8res artisanales \u00e0 domicile, nous allons rouvrir la boutique en ligne demain. Il nous reste peu de stock mais nous ferons en sorte d\u2019\u00e9tancher votre soif le mieux possible durant cette p\u00e9riode\u2026","rel":"","context":"Dans &quot;Boutique&quot;","img":{"alt_text":"","src":"https:\/\/i1.wp.com\/sanitas.fr\/wp-content\/uploads\/2020\/04\/20190429_232920.jpg?resize=350%2C200&ssl=1","width":350,"height":200},"classes":[]},{"id":3224,"url":"https:\/\/sanitas.fr\/?p=3224","url_meta":{"origin":1942,"position":5},"title":"Un amendement de loi pour la transparence des producteurs de bi\u00e8res!","date":"02\/06\/2020","format":false,"excerpt":"Ce 27 mai a \u00e9t\u00e9 adopt\u00e9 dans la loi, un amendement sur la transparence de l'origine des bi\u00e8res. Dor\u00e9navant quand vous achetez une bi\u00e8re, vous saurez exactement o\u00f9 votre boisson a \u00e9t\u00e9 produite, qu'elle soit industrielle ou artisanale. \u00ab Art. L. 412 10. \u2013 Le nom et l\u2019adresse du producteur\u2026","rel":"","context":"Dans &quot;Annonce&quot;","img":{"alt_text":"bi\u00e8re personnalis\u00e9e","src":"https:\/\/i2.wp.com\/sanitas.fr\/wp-content\/uploads\/2020\/05\/20190411_161802.jpg?resize=350%2C200&ssl=1","width":350,"height":200},"classes":[]}],"jetpack_sharing_enabled":true,"jetpack_likes_enabled":true,"_links":{"self":[{"href":"https:\/\/sanitas.fr\/index.php?rest_route=\/wp\/v2\/posts\/1942"}],"collection":[{"href":"https:\/\/sanitas.fr\/index.php?rest_route=\/wp\/v2\/posts"}],"about":[{"href":"https:\/\/sanitas.fr\/index.php?rest_route=\/wp\/v2\/types\/post"}],"author":[{"embeddable":true,"href":"https:\/\/sanitas.fr\/index.php?rest_route=\/wp\/v2\/users\/1"}],"replies":[{"embeddable":true,"href":"https:\/\/sanitas.fr\/index.php?rest_route=%2Fwp%2Fv2%2Fcomments&post=1942"}],"version-history":[{"count":0,"href":"https:\/\/sanitas.fr\/index.php?rest_route=\/wp\/v2\/posts\/1942\/revisions"}],"wp:featuredmedia":[{"embeddable":true,"href":"https:\/\/sanitas.fr\/index.php?rest_route=\/wp\/v2\/media\/1946"}],"wp:attachment":[{"href":"https:\/\/sanitas.fr\/index.php?rest_route=%2Fwp%2Fv2%2Fmedia&parent=1942"}],"wp:term":[{"taxonomy":"category","embeddable":true,"href":"https:\/\/sanitas.fr\/index.php?rest_route=%2Fwp%2Fv2%2Fcategories&post=1942"},{"taxonomy":"post_tag","embeddable":true,"href":"https:\/\/sanitas.fr\/index.php?rest_route=%2Fwp%2Fv2%2Ftags&post=1942"}],"curies":[{"name":"wp","href":"https:\/\/api.w.org\/{rel}","templated":true}]}}